{"id":4609,"date":"2024-03-03T22:39:10","date_gmt":"2024-03-03T20:39:10","guid":{"rendered":"https:\/\/www.satakunnansuunnistus.fi\/?p=4609"},"modified":"2024-03-04T00:35:27","modified_gmt":"2024-03-03T22:35:27","slug":"viimeinen-wsc-suunnistetaan-su-17-3-porissa","status":"publish","type":"post","link":"https:\/\/www.satakunnansuunnistus.fi\/?p=4609","title":{"rendered":"Viimeinen WSC suunnistetaan su 17.3. Porissa"},"content":{"rendered":"<p style=\"text-align: left;\"><strong>Osakilpailu 6 \u2013 Ulvila, Nahkuri (3.3.2024)<\/strong><\/p>\n<p><a href=\"https:\/\/www.satakunnansuunnistus.fi\/wp-content\/uploads\/2024\/03\/WSC24_Osakilpailu6_Cuptulokset.pdf\">Cup-Tulokset<\/a>\u00a0 \u00a0 \u00a0<a href=\"https:\/\/www.rastilippu.fi\/kuntorastit\/tapahtuma\/11b6edeb-949f-4d2e-856d-87905a4c5d42\/tulokset\/fa92b788-01e0-4ab3-96bb-65573c5afc7b\">Tulokset<\/a>\u00a0 \u00a0 \u00a0<a href=\"https:\/\/www.rastilippu.fi\/kuntorastit\/tapahtuma\/11b6edeb-949f-4d2e-856d-87905a4c5d42\/tulokset\/fa92b788-01e0-4ab3-96bb-65573c5afc7b\">V\u00e4liajat<\/a>\u00a0 \u00a0 \u00a0<a href=\"https:\/\/www.satakunnansuunnistus.fi\/wp-content\/uploads\/2024\/03\/WSC24-Osakilpailu6-Analyysi.pdf\">Reittianalyysi<\/a><\/p>\n<p><a href=\"https:\/\/www.satakunnansuunnistus.fi\/wp-content\/uploads\/2024\/03\/WSC24-Cuptilanne.pdf\">WSC:n kokonaiskilpailun pistetilanne<\/a> on t\u00e4ll\u00e4 hetkell\u00e4 eritt\u00e4in tasainen.<\/p>\n<p>Reittianalyysist\u00e4 katsokaa tarkasti erityisesti ykk\u00f6sv\u00e4li, kielletyn pensasaidan l\u00e4pi ei saanut suunnistaa (tummanvihre\u00e4 paksu viiva)!<\/p>\n<p>&nbsp;<\/p>\n<p><a href=\"https:\/\/www.satakunnansuunnistus.fi\/?event=wsc24-osakilpailu-7\">Ilmoittautuminen WSC:n viimeiseen tapahtumaan Porissa on auki!<\/a><\/p>\n","protected":false},"excerpt":{"rendered":"<p>Osakilpailu 6 \u2013 Ulvila, Nahkuri (3.3.2024) Cup-Tulokset\u00a0 \u00a0 \u00a0Tulokset\u00a0 \u00a0 \u00a0V\u00e4liajat\u00a0 \u00a0 \u00a0Reittianalyysi WSC:n kokonaiskilpailun pistetilanne on t\u00e4ll\u00e4 hetkell\u00e4 eritt\u00e4in tasainen. Reittianalyysist\u00e4 katsokaa tarkasti erityisesti ykk\u00f6sv\u00e4li, kielletyn pensasaidan l\u00e4pi ei saanut suunnistaa (tummanvihre\u00e4 paksu viiva)! &nbsp; Ilmoittautuminen WSC:n viimeiseen tapahtumaan Porissa on auki!<\/p>\n","protected":false},"author":3,"featured_media":0,"comment_status":"closed","ping_status":"open","sticky":false,"template":"","format":"standard","meta":{"footnotes":""},"categories":[1],"tags":[],"class_list":["post-4609","post","type-post","status-publish","format-standard","hentry","category-yleinen"],"_links":{"self":[{"href":"https:\/\/www.satakunnansuunnistus.fi\/index.php?rest_route=\/wp\/v2\/posts\/4609","targetHints":{"allow":["GET"]}}],"collection":[{"href":"https:\/\/www.satakunnansuunnistus.fi\/index.php?rest_route=\/wp\/v2\/posts"}],"about":[{"href":"https:\/\/www.satakunnansuunnistus.fi\/index.php?rest_route=\/wp\/v2\/types\/post"}],"author":[{"embeddable":true,"href":"https:\/\/www.satakunnansuunnistus.fi\/index.php?rest_route=\/wp\/v2\/users\/3"}],"replies":[{"embeddable":true,"href":"https:\/\/www.satakunnansuunnistus.fi\/index.php?rest_route=%2Fwp%2Fv2%2Fcomments&post=4609"}],"version-history":[{"count":2,"href":"https:\/\/www.satakunnansuunnistus.fi\/index.php?rest_route=\/wp\/v2\/posts\/4609\/revisions"}],"predecessor-version":[{"id":4614,"href":"https:\/\/www.satakunnansuunnistus.fi\/index.php?rest_route=\/wp\/v2\/posts\/4609\/revisions\/4614"}],"wp:attachment":[{"href":"https:\/\/www.satakunnansuunnistus.fi\/index.php?rest_route=%2Fwp%2Fv2%2Fmedia&parent=4609"}],"wp:term":[{"taxonomy":"category","embeddable":true,"href":"https:\/\/www.satakunnansuunnistus.fi\/index.php?rest_route=%2Fwp%2Fv2%2Fcategories&post=4609"},{"taxonomy":"post_tag","embeddable":true,"href":"https:\/\/www.satakunnansuunnistus.fi\/index.php?rest_route=%2Fwp%2Fv2%2Ftags&post=4609"}],"curies":[{"name":"wp","href":"https:\/\/api.w.org\/{rel}","templated":true}]}}