{"id":1831,"date":"2016-09-30T18:41:32","date_gmt":"2016-09-30T15:41:32","guid":{"rendered":"http:\/\/www.satakunnansuunnistus.fi\/?p=1831"},"modified":"2016-10-18T21:31:38","modified_gmt":"2016-10-18T18:31:38","slug":"satakunnan-am-kilpailut-2017-2018","status":"publish","type":"post","link":"https:\/\/www.satakunnansuunnistus.fi\/?p=1831","title":{"rendered":"Satakunnan AM-kilpailut 2017-2018"},"content":{"rendered":"<p><strong><a href=\"http:\/\/www.satakunnansuunnistus.fi\/?page_id=1829\" target=\"_blank\">Vuodelle 2017 on my\u00f6nnetty seuraavat AM-kipailut<\/a>:<br \/>\n<\/strong>&#8211; Pitk\u00e4 matka ja viesti\u00a0\u00a0\u00a0\u00a0\u00a0\u00a0\u00a0\u00a0\u00a0K\u00f6yli\u00f6n Lallit ja Yl\u00e4neen Kiri (yhteiskisa Varsinais-Suomen kanssa)<br \/>\n&#8211; Keskimatka\u00a0\u00a0\u00a0\u00a0\u00a0\u00a0\u00a0\u00a0\u00a0\u00a0\u00a0\u00a0\u00a0\u00a0\u00a0\u00a0\u00a0\u00a0\u00a0\u00a0\u00a0\u00a0\u00a0\u00a0Kiukaisten Urheilijat<br \/>\n&#8211; Tarkkuussuunnistus\u00a0 \u00a0 \u00a0 \u00a0 Kankaanp\u00e4\u00e4n Suunnistajat<br \/>\n&#8211; Sprintti \u00a0 \u00a0 \u00a0 \u00a0 \u00a0 \u00a0 \u00a0 \u00a0 \u00a0 \u00a0 \u00a0 \u00a0 \u00a0 \u00a0 \u00a0 \u00a0Suunta-Sepot<br \/>\n&#8211; Py\u00f6r\u00e4suunnistus\u00a0\u00a0\u00a0\u00a0\u00a0\u00a0\u00a0\u00a0\u00a0\u00a0\u00a0\u00a0\u00a0\u00a0 Kankaanp\u00e4\u00e4n Suunnistajat<br \/>\n&#8211; Partio\u00a0\u00a0\u00a0\u00a0\u00a0\u00a0\u00a0\u00a0\u00a0\u00a0\u00a0\u00a0\u00a0\u00a0\u00a0\u00a0\u00a0\u00a0\u00a0\u00a0\u00a0\u00a0\u00a0\u00a0\u00a0\u00a0\u00a0\u00a0\u00a0\u00a0\u00a0\u00a0\u00a0\u00a0Kankaanp\u00e4\u00e4n Suunnistajat (k\u00e4ytt\u00f6\u00f6n tulevat uudet s\u00e4\u00e4nn\u00f6t Rogainingkisan tyyppisen\u00e4)<\/p>\n<p><strong>Vuodelle 2018 on my\u00f6nnetyt seuraavat AM-kilpailut:<br \/>\n<\/strong>&#8211; Pitk\u00e4 matka\u00a0\u00a0\u00a0\u00a0\u00a0\u00a0\u00a0\u00a0\u00a0\u00a0\u00a0\u00a0\u00a0\u00a0\u00a0\u00a0\u00a0\u00a0\u00a0\u00a0\u00a0\u00a0\u00a0Laitilan Jyske (yhteiskisa Varsinais-Suomen kanssa)<br \/>\n&#8211; Keskimatka\u00a0\u00a0\u00a0\u00a0\u00a0\u00a0\u00a0\u00a0\u00a0\u00a0\u00a0\u00a0\u00a0\u00a0\u00a0\u00a0\u00a0\u00a0\u00a0\u00a0\u00a0\u00a0\u00a0Vallan Suunta<br \/>\n&#8211; Sprintti\u00a0\u00a0\u00a0\u00a0\u00a0\u00a0\u00a0\u00a0\u00a0\u00a0\u00a0\u00a0\u00a0\u00a0\u00a0\u00a0\u00a0\u00a0\u00a0\u00a0\u00a0\u00a0\u00a0\u00a0\u00a0\u00a0\u00a0\u00a0\u00a0 Rasti-Lukko<\/p>\n<p>Kilpailujen p\u00e4iv\u00e4m\u00e4\u00e4r\u00e4t tarkentuvat kev\u00e4\u00e4ll\u00e4 kun oravakilpailut ynn\u00e4 muut tapahtumat alkavat olla tiedossa.<br \/>\nMuut kilpailut ovat avoinna, ottakaa yhteytt\u00e4 kilpailuohjaaja Seppo Sipil\u00e4\u00e4n<\/p>\n","protected":false},"excerpt":{"rendered":"<p>Vuodelle 2017 on my\u00f6nnetty seuraavat AM-kipailut: &#8211; Pitk\u00e4 matka ja viesti\u00a0\u00a0\u00a0\u00a0\u00a0\u00a0\u00a0\u00a0\u00a0K\u00f6yli\u00f6n Lallit ja Yl\u00e4neen Kiri (yhteiskisa Varsinais-Suomen kanssa) &#8211; Keskimatka\u00a0\u00a0\u00a0\u00a0\u00a0\u00a0\u00a0\u00a0\u00a0\u00a0\u00a0\u00a0\u00a0\u00a0\u00a0\u00a0\u00a0\u00a0\u00a0\u00a0\u00a0\u00a0\u00a0\u00a0Kiukaisten Urheilijat &#8211; Tarkkuussuunnistus\u00a0 \u00a0 \u00a0 \u00a0 Kankaanp\u00e4\u00e4n Suunnistajat &#8211; Sprintti \u00a0 \u00a0 \u00a0 \u00a0 \u00a0 \u00a0 \u00a0 \u00a0 \u00a0 \u00a0 \u00a0 \u00a0 \u00a0 \u00a0 \u00a0 \u00a0Suunta-Sepot &#8211; Py\u00f6r\u00e4suunnistus\u00a0\u00a0\u00a0\u00a0\u00a0\u00a0\u00a0\u00a0\u00a0\u00a0\u00a0\u00a0\u00a0\u00a0 Kankaanp\u00e4\u00e4n Suunnistajat [&hellip;]<\/p>\n","protected":false},"author":9,"featured_media":0,"comment_status":"closed","ping_status":"open","sticky":false,"template":"","format":"standard","meta":{"footnotes":""},"categories":[1],"tags":[],"class_list":["post-1831","post","type-post","status-publish","format-standard","hentry","category-yleinen"],"_links":{"self":[{"href":"https:\/\/www.satakunnansuunnistus.fi\/index.php?rest_route=\/wp\/v2\/posts\/1831","targetHints":{"allow":["GET"]}}],"collection":[{"href":"https:\/\/www.satakunnansuunnistus.fi\/index.php?rest_route=\/wp\/v2\/posts"}],"about":[{"href":"https:\/\/www.satakunnansuunnistus.fi\/index.php?rest_route=\/wp\/v2\/types\/post"}],"author":[{"embeddable":true,"href":"https:\/\/www.satakunnansuunnistus.fi\/index.php?rest_route=\/wp\/v2\/users\/9"}],"replies":[{"embeddable":true,"href":"https:\/\/www.satakunnansuunnistus.fi\/index.php?rest_route=%2Fwp%2Fv2%2Fcomments&post=1831"}],"version-history":[{"count":6,"href":"https:\/\/www.satakunnansuunnistus.fi\/index.php?rest_route=\/wp\/v2\/posts\/1831\/revisions"}],"predecessor-version":[{"id":1888,"href":"https:\/\/www.satakunnansuunnistus.fi\/index.php?rest_route=\/wp\/v2\/posts\/1831\/revisions\/1888"}],"wp:attachment":[{"href":"https:\/\/www.satakunnansuunnistus.fi\/index.php?rest_route=%2Fwp%2Fv2%2Fmedia&parent=1831"}],"wp:term":[{"taxonomy":"category","embeddable":true,"href":"https:\/\/www.satakunnansuunnistus.fi\/index.php?rest_route=%2Fwp%2Fv2%2Fcategories&post=1831"},{"taxonomy":"post_tag","embeddable":true,"href":"https:\/\/www.satakunnansuunnistus.fi\/index.php?rest_route=%2Fwp%2Fv2%2Ftags&post=1831"}],"curies":[{"name":"wp","href":"https:\/\/api.w.org\/{rel}","templated":true}]}}