{"id":1333,"date":"2016-02-21T18:33:35","date_gmt":"2016-02-21T16:33:35","guid":{"rendered":"http:\/\/www.satakunnansuunnistus.fi\/?p=1333"},"modified":"2016-03-27T11:24:57","modified_gmt":"2016-03-27T08:24:57","slug":"satakunnan-am-kilpailut-2016","status":"publish","type":"post","link":"https:\/\/www.satakunnansuunnistus.fi\/?p=1333","title":{"rendered":"SATAKUNNAN AM-KILPAILUT 2016"},"content":{"rendered":"<table>\n<tbody>\n<tr>\n<td width=\"163\"><strong>Laji<\/strong><\/td>\n<td width=\"84\"><strong>Pvm<\/strong><\/td>\n<td width=\"108\"><strong>J\u00e4rjest\u00e4j\u00e4<\/strong><\/td>\n<\/tr>\n<tr>\n<td width=\"163\">Pitk\u00e4 matka<\/td>\n<td width=\"84\">28.5.<\/td>\n<td width=\"108\">SiikSi<\/td>\n<\/tr>\n<tr>\n<td width=\"163\">Viesti<\/td>\n<td width=\"84\">29.5.<\/td>\n<td width=\"108\">SiikSi<\/td>\n<\/tr>\n<tr>\n<td width=\"163\">Keskimatka<\/td>\n<td width=\"84\">16.6.<\/td>\n<td width=\"108\">EuVe<\/td>\n<\/tr>\n<tr>\n<td width=\"163\">AOK<\/td>\n<td width=\"84\">?<\/td>\n<td width=\"108\">Hiisi ?<\/td>\n<\/tr>\n<tr>\n<td width=\"163\">AOV + seuracup<\/td>\n<td width=\"84\">27.7<\/td>\n<td width=\"108\">UlvUra<\/td>\n<\/tr>\n<tr>\n<td width=\"163\">Py\u00f6r\u00e4suunnistus<\/td>\n<td width=\"84\">28.8.<\/td>\n<td width=\"108\">KanSu<\/td>\n<\/tr>\n<tr>\n<td width=\"163\">Sprintti<\/td>\n<td width=\"84\">7.9.<\/td>\n<td width=\"108\">RasKa<\/td>\n<\/tr>\n<tr>\n<td width=\"163\">Tarkkuussuunnistus<\/td>\n<td width=\"84\">11.9.<\/td>\n<td width=\"108\">SuSe<\/td>\n<\/tr>\n<tr>\n<td width=\"163\">Y\u00f6<\/td>\n<td width=\"84\">21.9.<\/td>\n<td width=\"108\">KanSu<\/td>\n<\/tr>\n<tr>\n<td width=\"163\">Erikoispitk\u00e4<\/td>\n<td width=\"84\">29.10.<\/td>\n<td width=\"108\">IkNV ?<\/td>\n<\/tr>\n<\/tbody>\n<\/table>\n<p>Vuoden 2017 pitk\u00e4n matkan ja viestin j\u00e4rjest\u00e4\u00e4 Hiisi, vuoden 2018 pitk\u00e4n matkan ja viestin j\u00e4rjest\u00e4\u00e4 mahdollisesti Laitilan Jyske, molemmat kahden alueen yhteiskisana.<\/p>\n<p>&nbsp;<\/p>\n<p>Muut vuoden 2017-2018 kisat ovat viel\u00e4 ilman j\u00e4rjest\u00e4ji\u00e4<\/p>\n","protected":false},"excerpt":{"rendered":"<p>Laji Pvm J\u00e4rjest\u00e4j\u00e4 Pitk\u00e4 matka 28.5. SiikSi Viesti 29.5. SiikSi Keskimatka 16.6. EuVe AOK ? Hiisi ? AOV + seuracup 27.7 UlvUra Py\u00f6r\u00e4suunnistus 28.8. KanSu Sprintti 7.9. RasKa Tarkkuussuunnistus 11.9. SuSe Y\u00f6 21.9. KanSu Erikoispitk\u00e4 29.10. IkNV ? Vuoden 2017 pitk\u00e4n matkan ja viestin j\u00e4rjest\u00e4\u00e4 Hiisi, vuoden 2018 pitk\u00e4n matkan [&hellip;]<\/p>\n","protected":false},"author":9,"featured_media":0,"comment_status":"closed","ping_status":"open","sticky":false,"template":"","format":"standard","meta":{"footnotes":""},"categories":[1],"tags":[],"class_list":["post-1333","post","type-post","status-publish","format-standard","hentry","category-yleinen"],"_links":{"self":[{"href":"https:\/\/www.satakunnansuunnistus.fi\/index.php?rest_route=\/wp\/v2\/posts\/1333","targetHints":{"allow":["GET"]}}],"collection":[{"href":"https:\/\/www.satakunnansuunnistus.fi\/index.php?rest_route=\/wp\/v2\/posts"}],"about":[{"href":"https:\/\/www.satakunnansuunnistus.fi\/index.php?rest_route=\/wp\/v2\/types\/post"}],"author":[{"embeddable":true,"href":"https:\/\/www.satakunnansuunnistus.fi\/index.php?rest_route=\/wp\/v2\/users\/9"}],"replies":[{"embeddable":true,"href":"https:\/\/www.satakunnansuunnistus.fi\/index.php?rest_route=%2Fwp%2Fv2%2Fcomments&post=1333"}],"version-history":[{"count":4,"href":"https:\/\/www.satakunnansuunnistus.fi\/index.php?rest_route=\/wp\/v2\/posts\/1333\/revisions"}],"predecessor-version":[{"id":1618,"href":"https:\/\/www.satakunnansuunnistus.fi\/index.php?rest_route=\/wp\/v2\/posts\/1333\/revisions\/1618"}],"wp:attachment":[{"href":"https:\/\/www.satakunnansuunnistus.fi\/index.php?rest_route=%2Fwp%2Fv2%2Fmedia&parent=1333"}],"wp:term":[{"taxonomy":"category","embeddable":true,"href":"https:\/\/www.satakunnansuunnistus.fi\/index.php?rest_route=%2Fwp%2Fv2%2Fcategories&post=1333"},{"taxonomy":"post_tag","embeddable":true,"href":"https:\/\/www.satakunnansuunnistus.fi\/index.php?rest_route=%2Fwp%2Fv2%2Ftags&post=1333"}],"curies":[{"name":"wp","href":"https:\/\/api.w.org\/{rel}","templated":true}]}}